{"id":5,"date":"2018-08-02T18:47:58","date_gmt":"2018-08-02T16:47:58","guid":{"rendered":"https:\/\/www.elektroroller-forum.de\/pages\/?p=5"},"modified":"2019-04-01T21:22:11","modified_gmt":"2019-04-01T19:22:11","slug":"emobility-parade-2019","status":"publish","type":"post","link":"https:\/\/www.elektroroller-forum.de\/pages\/emobility-parade-2019\/","title":{"rendered":"eMobility Parade 2019"},"content":{"rendered":"<p><strong>Datum \/ Uhrzeit:<\/strong> 15. Juni 2019 \/ 13:00 Uhr<br \/>\n<strong>Treffpunkt:<\/strong>\u00a0Ernst-Reuter-Platz,\u00a010623 Berlin, auf dem Parkplatz der TU (<a href=\"https:\/\/erof.de\/parade2019\" target=\"_blank\" rel=\"noopener\">Google Maps Link<\/a>)<\/p>\n<p>Am 15. Juni 2019 geht es wieder los: Die eMobility Parade 2019 ruft! Eingeladen zum Mitmachen sind alle Fahrzeuge ab E-Roller aufw\u00e4rts (mit Stra\u00dfenzulassung) um f\u00fcr die Elektromobilit\u00e4t zu demonstrieren.<\/p>\n<p>Die Teilnahme ist selbstverst\u00e4ndlich kostenlos, um <a href=\"https:\/\/erof.de\/emoreg\" target=\"_blank\" rel=\"noopener\">Registrierung<\/a> wird (zwecks Planung) dennoch gebeten.<\/p>\n<blockquote><p>Die eMobility Parade ist seit letztem Jahr DIE Demonstration f\u00fcr Elektromobilit\u00e4t in Berlin. Gemeinsam fahren wir mit Elektroautos, Elektrorollern und Elektromotorr\u00e4dern durch Berlin und machen ganz ohne L\u00e4rm auf die Bewegung der neuen Mobilit\u00e4t aufmerksam.<\/p>\n<p>Das letzte Jahr war bereits ein voller Erfolg und nun geht es in die n\u00e4chste Runde. Wir beginnen am Ernst-Reuter-Platz und fahren dann quer durch Berlin, bis zu unserer Ziel-Location, bei welcher wir euch einladen, mit uns zu feiern, zu quatschen und auszutauschen.<\/p>\n<p>Lasst uns gemeinsam die Welt auf die Mobilit\u00e4t der Zukunft aufmerksam machen!<!--more--><\/p><\/blockquote>\n<p>Lasst uns in 2019 alle Teilnahmerekorde brechen, kommt mit Euren Elektrorollern oder leiht Euch welche vor Ort und lasst uns lautlos durch Berlin rollen. \ud83d\ude09<\/p>\n<p>Zur Diskussion im Forum <a href=\"https:\/\/erof.de\/GKA\">bitte hier entlang&#8230;<\/a><\/p>\n<h4>R\u00fcckblick 2018<\/h4>\n<p>Der rbb hat \u00fcber die eMobility Parade 2018\u00a0<a href=\"https:\/\/mediathek.rbb-online.de\/tv\/Abendschau\/e-Mobility-Parade-in-Berlin\/rbb-Fernsehen\/Video?bcastId=3822076&amp;documentId=54377002\">berichtet<\/a>, COUP hat ein <a href=\"https:\/\/www.facebook.com\/COUPGermany\/videos\/1183179155158218\/\">Video auf Facebook<\/a> hochgeladen, Robin hat die sch\u00f6nsten Szenen in einem <a href=\"https:\/\/www.youtube.com\/watch?v=FgvnPfI_Cvs\">YouTube-Video<\/a> zusammengefasst und &#8222;Volker.Berlin&#8220; hat ein paar <a href=\"https:\/\/www.dropbox.com\/sh\/rf8677gfvfibfep\/AACYrS60c0RmKcvrc0aw05hqa?dl=0\">Bilder hochgeladen<\/a>. Im Forum wurde <a href=\"https:\/\/www.elektroroller-forum.de\/viewtopic.php?f=43&amp;t=6383\">hier<\/a> diskutiert.<\/p>\n","protected":false},"excerpt":{"rendered":"<p>Datum \/ Uhrzeit: 15. Juni 2019 \/ 13:00 Uhr Treffpunkt:\u00a0Ernst-Reuter-Platz,\u00a010623 Berlin, auf dem Parkplatz der TU (Google Maps Link) Am 15. Juni 2019 geht es wieder los: Die eMobility Parade 2019 ruft! Eingeladen zum Mitmachen sind alle Fahrzeuge ab E-Roller aufw\u00e4rts (mit Stra\u00dfenzulassung) um f\u00fcr die Elektromobilit\u00e4t zu demonstrieren. Die Teilnahme ist selbstverst\u00e4ndlich kostenlos, um &hellip; <\/p>\n<p class=\"link-more\"><a href=\"https:\/\/www.elektroroller-forum.de\/pages\/emobility-parade-2019\/\" class=\"more-link\"><span class=\"screen-reader-text\">\u201eeMobility Parade 2019\u201c<\/span> weiterlesen<\/a><\/p>\n","protected":false},"author":1,"featured_media":19,"comment_status":"open","ping_status":"open","sticky":false,"template":"","format":"standard","meta":{"footnotes":""},"categories":[2],"tags":[],"class_list":["post-5","post","type-post","status-publish","format-standard","has-post-thumbnail","hentry","category-veranstaltungen"],"_links":{"self":[{"href":"https:\/\/www.elektroroller-forum.de\/pages\/wp-json\/wp\/v2\/posts\/5","targetHints":{"allow":["GET"]}}],"collection":[{"href":"https:\/\/www.elektroroller-forum.de\/pages\/wp-json\/wp\/v2\/posts"}],"about":[{"href":"https:\/\/www.elektroroller-forum.de\/pages\/wp-json\/wp\/v2\/types\/post"}],"author":[{"embeddable":true,"href":"https:\/\/www.elektroroller-forum.de\/pages\/wp-json\/wp\/v2\/users\/1"}],"replies":[{"embeddable":true,"href":"https:\/\/www.elektroroller-forum.de\/pages\/wp-json\/wp\/v2\/comments?post=5"}],"version-history":[{"count":17,"href":"https:\/\/www.elektroroller-forum.de\/pages\/wp-json\/wp\/v2\/posts\/5\/revisions"}],"predecessor-version":[{"id":57,"href":"https:\/\/www.elektroroller-forum.de\/pages\/wp-json\/wp\/v2\/posts\/5\/revisions\/57"}],"wp:featuredmedia":[{"embeddable":true,"href":"https:\/\/www.elektroroller-forum.de\/pages\/wp-json\/wp\/v2\/media\/19"}],"wp:attachment":[{"href":"https:\/\/www.elektroroller-forum.de\/pages\/wp-json\/wp\/v2\/media?parent=5"}],"wp:term":[{"taxonomy":"category","embeddable":true,"href":"https:\/\/www.elektroroller-forum.de\/pages\/wp-json\/wp\/v2\/categories?post=5"},{"taxonomy":"post_tag","embeddable":true,"href":"https:\/\/www.elektroroller-forum.de\/pages\/wp-json\/wp\/v2\/tags?post=5"}],"curies":[{"name":"wp","href":"https:\/\/api.w.org\/{rel}","templated":true}]}}